{"id":4377,"date":"2015-11-23T11:13:21","date_gmt":"2015-11-23T16:13:21","guid":{"rendered":"https:\/\/www.graymont.com\/?p=4377"},"modified":"2025-06-10T12:16:25","modified_gmt":"2025-06-10T16:16:25","slug":"graymont-annonce-la-dissolution-de-son-groupe-materiaux-au-quebec","status":"publish","type":"post","link":"https:\/\/www.graymont.com\/fr\/presse\/graymont-annonce-la-dissolution-de-son-groupe-materiaux-au-quebec\/","title":{"rendered":"Graymont d\u00e9pose une demande d&rsquo;\u00e9valuation environnementale pour le projet d&rsquo;usine de chaux et de carri\u00e8re \u00e0 Giscome, C.-B."},"content":{"rendered":"\n<p><strong>Le 23 novembre 2015, Richmond, C.-B. \u2014<\/strong> Graymont a annonc\u00e9 aujourd\u2019hui avoir d\u00e9pos\u00e9, \u00e0 la suite de vastes consultations aupr\u00e8s de la population et des Premi\u00e8res Nations, une demande d\u2019\u00e9valuation environnementale en Colombie-Britannique pour un projet d\u2019usine de chaux et de carri\u00e8re pr\u00e8s de Giscome, C.-B., dans le district r\u00e9gional de Fraser-Fort George.<\/p>\n\n\n\n<p>\u00ab Nous sommes heureux d\u2019aller de l\u2019avant avec cette \u00e9tape essentielle du processus d\u2019octroi de permis et d\u2019examen officiel pour un projet qui g\u00e9n\u00e8rerait des retomb\u00e9es \u00e9conomiques pour la Premi\u00e8re Nation Lheidli T\u2019enneh et les collectivit\u00e9s locales, tout en am\u00e9liorant la capacit\u00e9 de Graymont \u00e0 desservir les clients dans la r\u00e9gion, \u00bb mentionne St\u00e9phane Godin, pr\u00e9sident et directeur g\u00e9n\u00e9ral.<\/p>\n\n\n\n<p>M. Godin indique que des changements ont \u00e9t\u00e9 apport\u00e9s \u00e0 la port\u00e9e et au concept du projet de Giscome \u00e0 la suite des commentaires re\u00e7us durant les consultations avec la Premi\u00e8re Nation Lheidli T\u2019enneh et les principaux intervenants locaux. \u00ab Nous avons l\u2019intention de poursuivre ces consultations tout au long du processus d\u2019approbation et d\u2019examen, \u00bb ajoute M Godin, soulignant que Graymont s\u2019est engag\u00e9e \u00e0 respecter des normes mondiales en mati\u00e8re de respect de l\u2019environnement et de durabilit\u00e9 et qu\u2019elle s\u2019efforce de faire des contributions positives dans les collectivit\u00e9s o\u00f9 elle exerce ses activit\u00e9s.<\/p>\n\n\n\n<p>Le projet de Giscome comprend l\u2019exploitation d\u2019une carri\u00e8re et la construction d\u2019une usine de traitement dot\u00e9e de fours ultramodernes utilisant la technologie des fours verticaux \u00e0 faibles \u00e9missions capables de produire environ 200 000 tonnes de chaux par ann\u00e9e. En pr\u00e9sumant d\u2019obtenir les approbations requises, Graymont pr\u00e9voit commencer la construction en 2016 et la production de chaux en 2018.<\/p>\n\n\n\n<p>L\u2019investissement pr\u00e9vu \u00e0 Giscome est conforme \u00e0 la strat\u00e9gie de croissance de Graymont et \u00e0 son objectif d\u2019\u00eatre un fournisseur et un partenaire de choix dans l\u2019industrie de la chaux et du calcaire, desservant des clients dans l\u2019Ouest et le Nord du Canada. En appui \u00e0 cette strat\u00e9gie, Graymont a r\u00e9cemment retenu les services d\u2019une installation d\u2019hydratation et de distribution de la chaux dans le comt\u00e9 de Lamont, pr\u00e8s d\u2019Edmonton en Alberta.<\/p>\n\n\n\n<p><strong>\u00c0 propos de\u00a0Graymont<\/strong><\/p>\n\n\n\n<p>Graymont est un chef de file \u00e9mergeant sur le march\u00e9 mondial de la production de chaux et de produits de calcaire. Desservant les principaux march\u00e9s des \u00c9tats-Unis et du Canada, l\u2019entreprise \u00e9tend d\u00e9sormais son rayonnement \u00e0 la r\u00e9gion Asie-Pacifique, en plus de ses investissements importants dans Grupo Calidra, le plus grand producteur de chaux du Mexique. Familiale et g\u00e9r\u00e9e par des professionnels, l\u2019entreprise a des racines qui remontent \u00e0 plus de 65 ans.<\/p>\n\n\n\n<p><strong>Pour plus de renseignements, veuillez contacter :<\/strong><\/p>\n\n\n\n<p><a href=\"mailto:news@graymont.com\">news@graymont.com<\/a><\/p>\n","protected":false},"excerpt":{"rendered":"<p>Le 23 novembre 2015, Richmond, C.-B. \u2014 Graymont a annonc\u00e9 aujourd\u2019hui avoir d\u00e9pos\u00e9, \u00e0 la suite de vastes consultations aupr\u00e8s de la population et des Premi\u00e8res<span class=\"excerpt-hellip\"> [\u2026]<\/span><\/p>\n","protected":false},"author":1,"featured_media":0,"comment_status":"closed","ping_status":"closed","sticky":false,"template":"","format":"standard","meta":{"_acf_changed":false,"footnotes":""},"categories":[14],"tags":[],"sub-category":[],"year-resource":[154],"class_list":["post-4377","post","type-post","status-publish","format-standard","hentry","category-presse","year-resource-154"],"acf":[],"_links":{"self":[{"href":"https:\/\/www.graymont.com\/fr\/wp-json\/wp\/v2\/posts\/4377","targetHints":{"allow":["GET"]}}],"collection":[{"href":"https:\/\/www.graymont.com\/fr\/wp-json\/wp\/v2\/posts"}],"about":[{"href":"https:\/\/www.graymont.com\/fr\/wp-json\/wp\/v2\/types\/post"}],"author":[{"embeddable":true,"href":"https:\/\/www.graymont.com\/fr\/wp-json\/wp\/v2\/users\/1"}],"replies":[{"embeddable":true,"href":"https:\/\/www.graymont.com\/fr\/wp-json\/wp\/v2\/comments?post=4377"}],"version-history":[{"count":0,"href":"https:\/\/www.graymont.com\/fr\/wp-json\/wp\/v2\/posts\/4377\/revisions"}],"wp:attachment":[{"href":"https:\/\/www.graymont.com\/fr\/wp-json\/wp\/v2\/media?parent=4377"}],"wp:term":[{"taxonomy":"category","embeddable":true,"href":"https:\/\/www.graymont.com\/fr\/wp-json\/wp\/v2\/categories?post=4377"},{"taxonomy":"post_tag","embeddable":true,"href":"https:\/\/www.graymont.com\/fr\/wp-json\/wp\/v2\/tags?post=4377"},{"taxonomy":"sub-category","embeddable":true,"href":"https:\/\/www.graymont.com\/fr\/wp-json\/wp\/v2\/sub-category?post=4377"},{"taxonomy":"year-resource","embeddable":true,"href":"https:\/\/www.graymont.com\/fr\/wp-json\/wp\/v2\/year-resource?post=4377"}],"curies":[{"name":"wp","href":"https:\/\/api.w.org\/{rel}","templated":true}]}}