{"id":4374,"date":"2015-12-14T11:13:15","date_gmt":"2015-12-14T16:13:15","guid":{"rendered":"https:\/\/www.graymont.com\/?p=4374"},"modified":"2025-06-10T12:10:13","modified_gmt":"2025-06-10T16:10:13","slug":"graymont-annonce-la-restructuration-de-ses-activites-de-production-de-chaux-dans-le-nord-ouest-du-pacifique","status":"publish","type":"post","link":"https:\/\/www.graymont.com\/fr\/presse\/graymont-annonce-la-restructuration-de-ses-activites-de-production-de-chaux-dans-le-nord-ouest-du-pacifique\/","title":{"rendered":"Graymont annonce la dissolution de son Groupe Mat\u00e9riaux au Qu\u00e9bec"},"content":{"rendered":"\n<p><strong>Le 14 d\u00e9cembre 2015, Tacoma, Washington \u2014<\/strong> \u00c0 la suite d\u2019un examen strat\u00e9gique, Graymont annonce aujourd&rsquo;hui sa d\u00e9cision de dissoudre son Groupe Mat\u00e9riaux au Qu\u00e9bec. Cette d\u00e9cision entra\u00eenera la cession de certains actifs dans la r\u00e9gion de Portneuf, une restructuration des op\u00e9rations \u00e0 l\u2019usine de Joliette et une r\u00e9duction du nombre d\u2019employ\u00e9s \u00e0 ces sites.<\/p>\n\n\n\n<p>Graymont proc\u00e8de \u00e0 la vente de l&rsquo;usine de b\u00e9ton pr\u00e9par\u00e9 B\u00e9ton St-Marc, la division Redi-Rock, la sabli\u00e8re de St-Raymond et la carri\u00e8re de Neuville.<\/p>\n\n\n\n<p>En raison de la dissolution de son Groupe Mat\u00e9riaux au Qu\u00e9bec, Graymont r\u00e9duira le nombre d&#8217;employ\u00e9s d\u2019environ 15 \u00e0 l\u2019installation de Saint-Marc-des-Carri\u00e8res et d\u2019environ 35 \u00e0 l&rsquo;usine de Joliette.<\/p>\n\n\n\n<p>Les employ\u00e9s des services techniques et des services \u00e0 la client\u00e8le situ\u00e9s \u00e0 Joliette ne seront pas touch\u00e9s par ces mesures.<\/p>\n\n\n\n<p>Graymont est un chef de file \u00e9mergeant sur le march\u00e9 mondial de la production de chaux et de produits de calcaire. Avec une pr\u00e9sence importante au Qu\u00e9bec et desservant les principaux march\u00e9s des \u00c9tats-Unis et du Canada, l\u2019entreprise \u00e9tend aussi \u00a0son rayonnement \u00e0 la r\u00e9gion Asie-Pacifique, en plus de ses investissements importants dans Grupo Calidra, le plus grand producteur de chaux du Mexique.<\/p>\n\n\n\n<p><strong>Pour plus de renseignements, veuillez contacter :<\/strong><\/p>\n\n\n\n<p><a href=\"mailto:news@graymont.com\">news@graymont.com<\/a><\/p>\n","protected":false},"excerpt":{"rendered":"<p>Le 14 d\u00e9cembre 2015, Tacoma, Washington \u2014 \u00c0 la suite d\u2019un examen strat\u00e9gique, Graymont annonce aujourd&rsquo;hui sa d\u00e9cision de dissoudre son Groupe Mat\u00e9riaux au Qu\u00e9bec. Cette<span class=\"excerpt-hellip\"> [\u2026]<\/span><\/p>\n","protected":false},"author":1,"featured_media":0,"comment_status":"closed","ping_status":"closed","sticky":false,"template":"","format":"standard","meta":{"_acf_changed":false,"footnotes":""},"categories":[14],"tags":[],"sub-category":[319],"year-resource":[154],"class_list":["post-4374","post","type-post","status-publish","format-standard","hentry","category-presse","sub-category-expansion-fr","year-resource-154"],"acf":[],"_links":{"self":[{"href":"https:\/\/www.graymont.com\/fr\/wp-json\/wp\/v2\/posts\/4374","targetHints":{"allow":["GET"]}}],"collection":[{"href":"https:\/\/www.graymont.com\/fr\/wp-json\/wp\/v2\/posts"}],"about":[{"href":"https:\/\/www.graymont.com\/fr\/wp-json\/wp\/v2\/types\/post"}],"author":[{"embeddable":true,"href":"https:\/\/www.graymont.com\/fr\/wp-json\/wp\/v2\/users\/1"}],"replies":[{"embeddable":true,"href":"https:\/\/www.graymont.com\/fr\/wp-json\/wp\/v2\/comments?post=4374"}],"version-history":[{"count":0,"href":"https:\/\/www.graymont.com\/fr\/wp-json\/wp\/v2\/posts\/4374\/revisions"}],"wp:attachment":[{"href":"https:\/\/www.graymont.com\/fr\/wp-json\/wp\/v2\/media?parent=4374"}],"wp:term":[{"taxonomy":"category","embeddable":true,"href":"https:\/\/www.graymont.com\/fr\/wp-json\/wp\/v2\/categories?post=4374"},{"taxonomy":"post_tag","embeddable":true,"href":"https:\/\/www.graymont.com\/fr\/wp-json\/wp\/v2\/tags?post=4374"},{"taxonomy":"sub-category","embeddable":true,"href":"https:\/\/www.graymont.com\/fr\/wp-json\/wp\/v2\/sub-category?post=4374"},{"taxonomy":"year-resource","embeddable":true,"href":"https:\/\/www.graymont.com\/fr\/wp-json\/wp\/v2\/year-resource?post=4374"}],"curies":[{"name":"wp","href":"https:\/\/api.w.org\/{rel}","templated":true}]}}