{"id":4329,"date":"2019-01-17T11:09:34","date_gmt":"2019-01-17T16:09:34","guid":{"rendered":"https:\/\/www.graymont.com\/?p=4329"},"modified":"2025-06-06T13:20:26","modified_gmt":"2025-06-06T17:20:26","slug":"graymont-et-grupo-calidra-font-lacquisition-de-lentreprise-de-chaux-et-de-calcaire-de-sibelco","status":"publish","type":"post","link":"https:\/\/www.graymont.com\/fr\/presse\/graymont-et-grupo-calidra-font-lacquisition-de-lentreprise-de-chaux-et-de-calcaire-de-sibelco\/","title":{"rendered":"Graymont et Grupo Calidra font l&rsquo;acquisition de l&rsquo;entreprise de chaux et de calcaire de Sibelco"},"content":{"rendered":"\n<p><strong>Le 17 janvier 2019 \u2014<\/strong> La transaction permettra \u00e0 Graymont d\u2019\u00e9tendre consid\u00e9rablement son rayonnement mondial dans la r\u00e9gion Asie-Pacifique, tout en augmentant la pr\u00e9sence de Grupo Calidra en Am\u00e9rique latine<\/p>\n\n\n\n<p>Richmond, BC, Canada; Santa Fe, Mexique; Anvers, Belgique \u2014 Graymont et Grupo Calidra ont annonc\u00e9 aujourd\u2019hui la signature d\u2019un accord en vue d\u2019acqu\u00e9rir l\u2019entreprise de chaux et de calcaire du groupe Sibelco de Belgique. L\u2019acquisition comprend des exploitations dans la r\u00e9gion Asie-Pacifique en Australie, en Malaisie, en Indon\u00e9sie, et aux Philippines, ainsi qu\u2019en Am\u00e9rique du Sud en Argentine et au Chili. Selon les termes de l\u2019accord, Graymont \u00e9largira ses activit\u00e9s mondiales dans la r\u00e9gion Asie-Pacifique gr\u00e2ce \u00e0 l&rsquo;acquisition de cinq usines de chaux actives et plusieurs carri\u00e8res de calcaire sur la c\u00f4te Est de l\u2019Australie, de m\u00eame que des usines de chaux en Malaisie, en Indon\u00e9sie et aux Philippines. Grupo Calidra fera l\u2019acquisition des exploitations en Argentine et au Chili.<\/p>\n\n\n\n<p>\u00ab Cette r\u00e9cente acquisition repr\u00e9sente une autre \u00e9tape importante dans l\u2019\u00e9volution de Graymont. Elle vient renforcer notre position de chef de file mondial de la production de chaux et de produits de calcaire, \u00bb a observ\u00e9 J. Graham Weir, pr\u00e9sident du Conseil d\u2019administration de l\u2019entreprise canadienne.<\/p>\n\n\n\n<p>\u00ab L\u2019acquisition de ces actifs situ\u00e9s dans des endroits strat\u00e9giques \u00e9largira notre rayonnement dans une r\u00e9gion du monde en forte croissance, \u00bb a indiqu\u00e9 St\u00e9phane Godin, pr\u00e9sident et chef de la direction de Graymont. M. Godin a ajout\u00e9 que peu importe o\u00f9 se situent les activit\u00e9s de Graymont, \u00ab l\u2019objectif de l\u2019entreprise est de devenir le fournisseur, l\u2019employeur et le partenaire de choix.&nbsp; En ce sens, je serai heureux d\u2019accueillir de nouveaux membres au sein de notre \u00e9quipe, de nouveaux clients et autres intervenants de la r\u00e9gion Asie-Pacifique et de leur faire conna\u00eetre la vision de classe mondiale de Graymont. \u00bb<\/p>\n\n\n\n<p>Jorge Bautista, pr\u00e9sident et chef de la direction de l\u2019entreprise mexicaine Grupo Calidra, a indiqu\u00e9 que la transaction \u00ab solidifie davantage notre position en tant que fournisseur de chaux de choix en Am\u00e9rique latine, et met en lumi\u00e8re la nature mutuellement b\u00e9n\u00e9fique de notre partenariat strat\u00e9gique avec Graymont. \u00bb Depuis 2003, Graymont poss\u00e8de une importante participation dans Grupo Calidra.<\/p>\n\n\n\n<p>Jean-Luc Deleersnyder, pr\u00e9sident et chef de la direction de Sibelco, a \u00e9galement salu\u00e9 la transaction. \u00ab \u00c0 travers cette transaction, nous continuons de concentrer nos efforts sur les solutions en termes de mat\u00e9riaux pour lesquelles nous pouvons atteindre une position de chef de file mondial tout en gagnant de la flexibilit\u00e9 additionnelle pour poursuivre des opportunit\u00e9s de croissance futures. Nous sommes tr\u00e8s heureux d\u2019avoir la possibilit\u00e9 de c\u00e9der nos actifs de chaux et de calcaire \u00e0 des entreprises familiales bien \u00e9tablies qui partagent nos valeurs en ce qui a trait au bien-\u00eatre des employ\u00e9s et \u00e0 l\u2019environnement. Le fait que la chaux et le calcaire constituent les activit\u00e9s principales \u00e0 la fois de Graymont et de Grupo Calidra assure la viabilit\u00e9 et le succ\u00e8s \u00e0 long terme de ces exploitations. \u00bb<\/p>\n\n\n\n<p>Sous r\u00e9serve de certaines approbations r\u00e9glementaires, la transaction devrait \u00eatre finalis\u00e9e au cours de 2019.<\/p>\n\n\n\n<p><strong>\u00c0 propos de Graymont<\/strong><br>Graymont est un chef de file mondial de la production de chaux et de produits de calcaire.&nbsp; Desservant les principaux march\u00e9s des \u00c9tats-Unis et du Canada, l\u2019entreprise continue d\u2019\u00e9tendre son rayonnement \u00e0 la r\u00e9gion Asie-Pacifique. Le si\u00e8ge social de l\u2019entreprise priv\u00e9e, fond\u00e9e en 1948, est situ\u00e9 \u00e0 Richmond en Colombie-Britannique, Canada.<\/p>\n\n\n\n<p><strong>\u00c0 propos de&nbsp;Grupo Calidra<\/strong><br>Fond\u00e9e en 1907, Grupo Calidra est le plus important producteur de chaux du Mexique et compte plusieurs installations de production en Am\u00e9rique latine. L\u2019entreprise priv\u00e9e compte plus de 100 ans d\u2019exp\u00e9rience dans l\u2019industrie de la chaux et du calcaire.<\/p>\n\n\n\n<p><strong>\u00c0 propos de&nbsp;Sibelco<\/strong><br>Ayant son si\u00e8ge social \u00e0 Anvers, Belgique, Sibelco est une entreprise priv\u00e9e qui fabrique et distribue un large portfolio multi-min\u00e9raux. Sibelco dessert une base diversifi\u00e9e de clients dans des industries telles que le verre, la c\u00e9ramique, la construction et l\u2019ing\u00e9nierie, la peinture, le recouvrement, les polym\u00e8res, la m\u00e9tallurgie, le p\u00e9trole et le gaz et l\u2019agriculture. Sibelco est actionnaire majoritaire de Covia, une entreprise list\u00e9e au NYSE qui fournit des solutions en termes de min\u00e9raux et mat\u00e9riaux pour les march\u00e9s industriels et de l\u2019\u00e9nergie en Am\u00e9rique du Nord. Le Groupe Sibelco exploite 200 sites de production dans 37 pays et emploie quelque 9&nbsp;500 personnes.<\/p>\n\n\n\n<p><strong>Pour plus de renseignements, veuillez contacter :<\/strong><\/p>\n\n\n\n<p><strong>Graymont\/Calidra<\/strong><br>Mathieu Bouchard<br>Vice-pr\u00e9sident, Affaires corporatives, environnement et d\u00e9veloppement durable<br>T +1 450 645-2452<br><a href=\"mailto:mbouchard@graymont.com\">mbouchard@graymont.com<\/a><\/p>\n\n\n\n<p><strong>Sibelco<\/strong><br>Tim Weekes<br>Vice-Pr\u00e9sident, Groupe Communications<br>T +32 473 984914<br><a href=\"mailto:tim.weekes@sibelco.com\">tim.weekes@sibelco.com<\/a><\/p>\n\n\n\n<p>Helen Stanley (Australasia)<br>Gestionnaire des communications<br>T +61 2 9458 2979<br><a href=\"mailto:helen.stanley@sibelco.com.au\">helen.stanley@sibelco.com.au<\/a><br><a href=\"http:\/\/www.sibelco.com\/\" target=\"_blank\" rel=\"noopener\">sibelco.com<\/a><\/p>\n","protected":false},"excerpt":{"rendered":"<p>Le 17 janvier 2019 \u2014 La transaction permettra \u00e0 Graymont d\u2019\u00e9tendre consid\u00e9rablement son rayonnement mondial dans la r\u00e9gion Asie-Pacifique, tout en augmentant la pr\u00e9sence de Grupo<span class=\"excerpt-hellip\"> [\u2026]<\/span><\/p>\n","protected":false},"author":1,"featured_media":0,"comment_status":"closed","ping_status":"closed","sticky":false,"template":"","format":"standard","meta":{"_acf_changed":false,"footnotes":""},"categories":[14],"tags":[],"sub-category":[],"year-resource":[139],"class_list":["post-4329","post","type-post","status-publish","format-standard","hentry","category-presse","year-resource-139"],"acf":[],"_links":{"self":[{"href":"https:\/\/www.graymont.com\/fr\/wp-json\/wp\/v2\/posts\/4329","targetHints":{"allow":["GET"]}}],"collection":[{"href":"https:\/\/www.graymont.com\/fr\/wp-json\/wp\/v2\/posts"}],"about":[{"href":"https:\/\/www.graymont.com\/fr\/wp-json\/wp\/v2\/types\/post"}],"author":[{"embeddable":true,"href":"https:\/\/www.graymont.com\/fr\/wp-json\/wp\/v2\/users\/1"}],"replies":[{"embeddable":true,"href":"https:\/\/www.graymont.com\/fr\/wp-json\/wp\/v2\/comments?post=4329"}],"version-history":[{"count":0,"href":"https:\/\/www.graymont.com\/fr\/wp-json\/wp\/v2\/posts\/4329\/revisions"}],"wp:attachment":[{"href":"https:\/\/www.graymont.com\/fr\/wp-json\/wp\/v2\/media?parent=4329"}],"wp:term":[{"taxonomy":"category","embeddable":true,"href":"https:\/\/www.graymont.com\/fr\/wp-json\/wp\/v2\/categories?post=4329"},{"taxonomy":"post_tag","embeddable":true,"href":"https:\/\/www.graymont.com\/fr\/wp-json\/wp\/v2\/tags?post=4329"},{"taxonomy":"sub-category","embeddable":true,"href":"https:\/\/www.graymont.com\/fr\/wp-json\/wp\/v2\/sub-category?post=4329"},{"taxonomy":"year-resource","embeddable":true,"href":"https:\/\/www.graymont.com\/fr\/wp-json\/wp\/v2\/year-resource?post=4329"}],"curies":[{"name":"wp","href":"https:\/\/api.w.org\/{rel}","templated":true}]}}